{"id":11209,"date":"2012-10-06T21:53:44","date_gmt":"2012-10-06T21:53:44","guid":{"rendered":"http:\/\/ufoportglufenteich.net\/?p=11209"},"modified":"2012-10-06T21:53:44","modified_gmt":"2012-10-06T21:53:44","slug":"wir-mogen-unseren-jager","status":"publish","type":"post","link":"https:\/\/ufoportglufenteich.de\/?p=11209","title":{"rendered":"Wir m\u00f6gen unseren J\u00e4ger"},"content":{"rendered":"<div id=\"attachment_11211\" style=\"width: 477px\" class=\"wp-caption alignnone\"><a href=\"http:\/\/ufoportglufenteich.de\/wp-content\/uploads\/2012\/10\/bayern2.jpg\"><img loading=\"lazy\" decoding=\"async\" aria-describedby=\"caption-attachment-11211\" src=\"http:\/\/ufoportglufenteich.de\/wp-content\/uploads\/2012\/10\/bayern2_klein.jpg\" alt=\"\" title=\"\" width=\"467\" height=\"622\" class=\"size-full wp-image-11211\" srcset=\"https:\/\/ufoportglufenteich.de\/wp-content\/uploads\/2012\/10\/bayern2_klein.jpg 467w, https:\/\/ufoportglufenteich.de\/wp-content\/uploads\/2012\/10\/bayern2_klein-225x300.jpg 225w\" sizes=\"auto, (max-width: 467px) 100vw, 467px\" \/><\/a><p id=\"caption-attachment-11211\" class=\"wp-caption-text\">Foto: Ji\u0159\u00ed 7256 \u2013 768\u00d71024<\/p><\/div>\n<p>Wir m\u00f6gen unseren J\u00e4ger, weil er zu uns geh\u00f6rt. Ochsenfurt, 29. September 2012.<\/p>\n","protected":false},"excerpt":{"rendered":"<p>Wir m\u00f6gen unseren J\u00e4ger, weil er zu uns geh\u00f6rt. Ochsenfurt, 29. September 2012.<\/p>\n","protected":false},"author":1,"featured_media":0,"comment_status":"open","ping_status":"open","sticky":false,"template":"","format":"standard","meta":{"footnotes":""},"categories":[87],"tags":[],"class_list":["post-11209","post","type-post","status-publish","format-standard","hentry","category-werbung"],"_links":{"self":[{"href":"https:\/\/ufoportglufenteich.de\/index.php?rest_route=\/wp\/v2\/posts\/11209","targetHints":{"allow":["GET"]}}],"collection":[{"href":"https:\/\/ufoportglufenteich.de\/index.php?rest_route=\/wp\/v2\/posts"}],"about":[{"href":"https:\/\/ufoportglufenteich.de\/index.php?rest_route=\/wp\/v2\/types\/post"}],"author":[{"embeddable":true,"href":"https:\/\/ufoportglufenteich.de\/index.php?rest_route=\/wp\/v2\/users\/1"}],"replies":[{"embeddable":true,"href":"https:\/\/ufoportglufenteich.de\/index.php?rest_route=%2Fwp%2Fv2%2Fcomments&post=11209"}],"version-history":[{"count":0,"href":"https:\/\/ufoportglufenteich.de\/index.php?rest_route=\/wp\/v2\/posts\/11209\/revisions"}],"wp:attachment":[{"href":"https:\/\/ufoportglufenteich.de\/index.php?rest_route=%2Fwp%2Fv2%2Fmedia&parent=11209"}],"wp:term":[{"taxonomy":"category","embeddable":true,"href":"https:\/\/ufoportglufenteich.de\/index.php?rest_route=%2Fwp%2Fv2%2Fcategories&post=11209"},{"taxonomy":"post_tag","embeddable":true,"href":"https:\/\/ufoportglufenteich.de\/index.php?rest_route=%2Fwp%2Fv2%2Ftags&post=11209"}],"curies":[{"name":"wp","href":"https:\/\/api.w.org\/{rel}","templated":true}]}}